{"id":24625,"date":"2024-07-11T12:34:25","date_gmt":"2024-07-11T18:34:25","guid":{"rendered":"https:\/\/rmmfi.org\/el-director-general-de-rmmfi-se-une-a-150-lideres-de-denver-en-boston\/"},"modified":"2024-12-16T13:40:21","modified_gmt":"2024-12-16T20:40:21","slug":"el-director-general-de-rmmfi-se-une-a-150-lideres-de-denver-en-boston","status":"publish","type":"post","link":"https:\/\/rmmfi.org\/es\/el-director-general-de-rmmfi-se-une-a-150-lideres-de-denver-en-boston\/","title":{"rendered":"El Director General de RMMFI se une a 150 l\u00edderes de Denver en Boston"},"content":{"rendered":"<p>A principios de junio, la Directora General de RMMFI, Jessica Sveen, particip\u00f3 en el viaje de <a href=\"https:\/\/www.downtowndenver.com\/membership\/signature-programs-events\/urban-exploration\/\" target=\"_blank\" rel=\"noopener\">Exploraci\u00f3n Urbana<\/a> de Downtown Denver Partnership (DDP) a Boston, MA. Se reuni\u00f3 a 150 ejecutivos de Denver de los sectores p\u00fablico, privado y sin \u00e1nimo de lucro para observar y aprender sobre los problemas a los que se enfrentan tanto Denver como Boston, como la vivienda asequible, la revitalizaci\u00f3n urbana, el desarrollo econ\u00f3mico, los espacios p\u00fablicos seguros y los avances en el transporte. Durante dos d\u00edas, los dirigentes de Boston compartieron su experiencia en la resoluci\u00f3n de estos problemas en su ciudad y los enfoques que han tenido \u00e9xito. El objetivo es que los l\u00edderes de Denver puedan ahora aportar lo aprendido en Boston para impulsar estrategias para nuestra propia ciudad. Al unirse al viaje, Jessica pudo aportar su punto de vista sobre el apoyo inclusivo a las peque\u00f1as empresas a las conversaciones sobre la reurbanizaci\u00f3n del 16th Street Mall y otras oportunidades de mercado en Denver, cuyo acceso es sumamente importante para los empresarios de nuestra comunidad. La Exploraci\u00f3n Urbana del DDP fue una valiosa oportunidad mientras la RMMFI se adentra en nuestro pr\u00f3ximo plan estrat\u00e9gico centrado en la escalabilidad, la inversi\u00f3n m\u00e1s profunda y amplia en nuestra red y la defensa del trabajo comunitario. <\/p>\n","protected":false},"excerpt":{"rendered":"<p>A principios de junio, la Directora General de RMMFI, Jessica Sveen, particip\u00f3 en el viaje de Exploraci\u00f3n Urbana de Downtown Denver Partnership (DDP) a Boston, MA. 150 ejecutivos de Denver de los sectores p\u00fablico, privado y sin \u00e1nimo de lucro se reunieron para observar y aprender sobre los problemas a los que se enfrentan tanto Denver como Boston. <\/p>\n","protected":false},"author":4,"featured_media":0,"comment_status":"closed","ping_status":"closed","sticky":false,"template":"","format":"standard","meta":{"_acf_changed":false,"_tec_requires_first_save":true,"_EventAllDay":false,"_EventTimezone":"","_EventStartDate":"","_EventEndDate":"","_EventStartDateUTC":"","_EventEndDateUTC":"","_EventShowMap":false,"_EventShowMapLink":false,"_EventURL":"","_EventCost":"","_EventCostDescription":"","_EventCurrencySymbol":"","_EventCurrencyCode":"","_EventCurrencyPosition":"","_EventDateTimeSeparator":"","_EventTimeRangeSeparator":"","_EventOrganizerID":[],"_EventVenueID":[],"_OrganizerEmail":"","_OrganizerPhone":"","_OrganizerWebsite":"","_VenueAddress":"","_VenueCity":"","_VenueCountry":"","_VenueProvince":"","_VenueState":"","_VenueZip":"","_VenuePhone":"","_VenueURL":"","_VenueStateProvince":"","_VenueLat":"","_VenueLng":"","_VenueShowMap":false,"_VenueShowMapLink":false,"_tribe_blocks_recurrence_rules":"","_tribe_blocks_recurrence_description":"","_tribe_blocks_recurrence_exclusions":"","_ecp_custom_2":"","footnotes":""},"categories":[124],"tags":[],"class_list":["post-24625","post","type-post","status-publish","format-standard","hentry","category-noticias"],"acf":[],"yoast_head":"<!-- This site is optimized with the Yoast SEO plugin v27.4 - https:\/\/yoast.com\/product\/yoast-seo-wordpress\/ -->\n<title>El Director General de RMMFI se une a 150 l\u00edderes de Denver en Boston - RMMFI<\/title>\n<meta name=\"robots\" content=\"index, follow, max-snippet:-1, max-image-preview:large, max-video-preview:-1\" \/>\n<link rel=\"canonical\" href=\"https:\/\/rmmfi.org\/es\/el-director-general-de-rmmfi-se-une-a-150-lideres-de-denver-en-boston\/\" \/>\n<meta property=\"og:locale\" content=\"es_ES\" \/>\n<meta property=\"og:type\" content=\"article\" \/>\n<meta property=\"og:title\" content=\"El Director General de RMMFI se une a 150 l\u00edderes de Denver en Boston - RMMFI\" \/>\n<meta property=\"og:description\" content=\"A principios de junio, la Directora General de RMMFI, Jessica Sveen, particip\u00f3 en el viaje de Exploraci\u00f3n Urbana de Downtown Denver Partnership (DDP) a Boston, MA. 150 ejecutivos de Denver de los sectores p\u00fablico, privado y sin \u00e1nimo de lucro se reunieron para observar y aprender sobre los problemas a los que se enfrentan tanto Denver como Boston.\" \/>\n<meta property=\"og:url\" content=\"https:\/\/rmmfi.org\/es\/el-director-general-de-rmmfi-se-une-a-150-lideres-de-denver-en-boston\/\" \/>\n<meta property=\"og:site_name\" content=\"RMMFI\" \/>\n<meta property=\"article:publisher\" content=\"https:\/\/www.facebook.com\/RMMFI\/\" \/>\n<meta property=\"article:published_time\" content=\"2024-07-11T18:34:25+00:00\" \/>\n<meta property=\"article:modified_time\" content=\"2024-12-16T20:40:21+00:00\" \/>\n<meta name=\"author\" content=\"RMMFI\" \/>\n<meta name=\"twitter:card\" content=\"summary_large_image\" \/>\n<meta name=\"twitter:label1\" content=\"Escrito por\" \/>\n\t<meta name=\"twitter:data1\" content=\"RMMFI\" \/>\n\t<meta name=\"twitter:label2\" content=\"Tiempo de lectura\" \/>\n\t<meta name=\"twitter:data2\" content=\"1 minuto\" \/>\n<script type=\"application\/ld+json\" class=\"yoast-schema-graph\">{\"@context\":\"https:\\\/\\\/schema.org\",\"@graph\":[{\"@type\":\"Article\",\"@id\":\"https:\\\/\\\/rmmfi.org\\\/es\\\/el-director-general-de-rmmfi-se-une-a-150-lideres-de-denver-en-boston\\\/#article\",\"isPartOf\":{\"@id\":\"https:\\\/\\\/rmmfi.org\\\/es\\\/el-director-general-de-rmmfi-se-une-a-150-lideres-de-denver-en-boston\\\/\"},\"author\":{\"name\":\"RMMFI\",\"@id\":\"https:\\\/\\\/rmmfi.org\\\/es\\\/#\\\/schema\\\/person\\\/ec16d1b11657d4116e2b60c7987f7c00\"},\"headline\":\"El Director General de RMMFI se une a 150 l\u00edderes de Denver en Boston\",\"datePublished\":\"2024-07-11T18:34:25+00:00\",\"dateModified\":\"2024-12-16T20:40:21+00:00\",\"mainEntityOfPage\":{\"@id\":\"https:\\\/\\\/rmmfi.org\\\/es\\\/el-director-general-de-rmmfi-se-une-a-150-lideres-de-denver-en-boston\\\/\"},\"wordCount\":240,\"publisher\":{\"@id\":\"https:\\\/\\\/rmmfi.org\\\/es\\\/#organization\"},\"articleSection\":[\"Noticias\"],\"inLanguage\":\"es\"},{\"@type\":\"WebPage\",\"@id\":\"https:\\\/\\\/rmmfi.org\\\/es\\\/el-director-general-de-rmmfi-se-une-a-150-lideres-de-denver-en-boston\\\/\",\"url\":\"https:\\\/\\\/rmmfi.org\\\/es\\\/el-director-general-de-rmmfi-se-une-a-150-lideres-de-denver-en-boston\\\/\",\"name\":\"El Director General de RMMFI se une a 150 l\u00edderes de Denver en Boston - RMMFI\",\"isPartOf\":{\"@id\":\"https:\\\/\\\/rmmfi.org\\\/es\\\/#website\"},\"datePublished\":\"2024-07-11T18:34:25+00:00\",\"dateModified\":\"2024-12-16T20:40:21+00:00\",\"breadcrumb\":{\"@id\":\"https:\\\/\\\/rmmfi.org\\\/es\\\/el-director-general-de-rmmfi-se-une-a-150-lideres-de-denver-en-boston\\\/#breadcrumb\"},\"inLanguage\":\"es\",\"potentialAction\":[{\"@type\":\"ReadAction\",\"target\":[\"https:\\\/\\\/rmmfi.org\\\/es\\\/el-director-general-de-rmmfi-se-une-a-150-lideres-de-denver-en-boston\\\/\"]}]},{\"@type\":\"BreadcrumbList\",\"@id\":\"https:\\\/\\\/rmmfi.org\\\/es\\\/el-director-general-de-rmmfi-se-une-a-150-lideres-de-denver-en-boston\\\/#breadcrumb\",\"itemListElement\":[{\"@type\":\"ListItem\",\"position\":1,\"name\":\"Home\",\"item\":\"https:\\\/\\\/rmmfi.org\\\/es\\\/\"},{\"@type\":\"ListItem\",\"position\":2,\"name\":\"El Director General de RMMFI se une a 150 l\u00edderes de Denver en Boston\"}]},{\"@type\":\"WebSite\",\"@id\":\"https:\\\/\\\/rmmfi.org\\\/es\\\/#website\",\"url\":\"https:\\\/\\\/rmmfi.org\\\/es\\\/\",\"name\":\"RMMFI\",\"description\":\"Opportunity Through Entrepreneurship\",\"publisher\":{\"@id\":\"https:\\\/\\\/rmmfi.org\\\/es\\\/#organization\"},\"potentialAction\":[{\"@type\":\"SearchAction\",\"target\":{\"@type\":\"EntryPoint\",\"urlTemplate\":\"https:\\\/\\\/rmmfi.org\\\/es\\\/?s={search_term_string}\"},\"query-input\":{\"@type\":\"PropertyValueSpecification\",\"valueRequired\":true,\"valueName\":\"search_term_string\"}}],\"inLanguage\":\"es\"},{\"@type\":\"Organization\",\"@id\":\"https:\\\/\\\/rmmfi.org\\\/es\\\/#organization\",\"name\":\"RMMFI\",\"url\":\"https:\\\/\\\/rmmfi.org\\\/es\\\/\",\"logo\":{\"@type\":\"ImageObject\",\"inLanguage\":\"es\",\"@id\":\"https:\\\/\\\/rmmfi.org\\\/es\\\/#\\\/schema\\\/logo\\\/image\\\/\",\"url\":\"https:\\\/\\\/rmmfi.org\\\/wp-content\\\/uploads\\\/2024\\\/08\\\/Frame-11-1.svg\",\"contentUrl\":\"https:\\\/\\\/rmmfi.org\\\/wp-content\\\/uploads\\\/2024\\\/08\\\/Frame-11-1.svg\",\"width\":132,\"height\":50,\"caption\":\"RMMFI\"},\"image\":{\"@id\":\"https:\\\/\\\/rmmfi.org\\\/es\\\/#\\\/schema\\\/logo\\\/image\\\/\"},\"sameAs\":[\"https:\\\/\\\/www.facebook.com\\\/RMMFI\\\/\",\"https:\\\/\\\/www.instagram.com\\\/rmmfi\\\/\",\"https:\\\/\\\/www.linkedin.com\\\/company\\\/rmmfi\\\/\",\"https:\\\/\\\/www.youtube.com\\\/channel\\\/UCyMuFgxHWh-dgUVTjh8hG8g\"]},{\"@type\":\"Person\",\"@id\":\"https:\\\/\\\/rmmfi.org\\\/es\\\/#\\\/schema\\\/person\\\/ec16d1b11657d4116e2b60c7987f7c00\",\"name\":\"RMMFI\",\"url\":\"https:\\\/\\\/rmmfi.org\\\/es\\\/author\\\/daliah_rmmfi\\\/\"}]}<\/script>\n<!-- \/ Yoast SEO plugin. -->","yoast_head_json":{"title":"El Director General de RMMFI se une a 150 l\u00edderes de Denver en Boston - RMMFI","robots":{"index":"index","follow":"follow","max-snippet":"max-snippet:-1","max-image-preview":"max-image-preview:large","max-video-preview":"max-video-preview:-1"},"canonical":"https:\/\/rmmfi.org\/es\/el-director-general-de-rmmfi-se-une-a-150-lideres-de-denver-en-boston\/","og_locale":"es_ES","og_type":"article","og_title":"El Director General de RMMFI se une a 150 l\u00edderes de Denver en Boston - RMMFI","og_description":"A principios de junio, la Directora General de RMMFI, Jessica Sveen, particip\u00f3 en el viaje de Exploraci\u00f3n Urbana de Downtown Denver Partnership (DDP) a Boston, MA. 150 ejecutivos de Denver de los sectores p\u00fablico, privado y sin \u00e1nimo de lucro se reunieron para observar y aprender sobre los problemas a los que se enfrentan tanto Denver como Boston.","og_url":"https:\/\/rmmfi.org\/es\/el-director-general-de-rmmfi-se-une-a-150-lideres-de-denver-en-boston\/","og_site_name":"RMMFI","article_publisher":"https:\/\/www.facebook.com\/RMMFI\/","article_published_time":"2024-07-11T18:34:25+00:00","article_modified_time":"2024-12-16T20:40:21+00:00","author":"RMMFI","twitter_card":"summary_large_image","twitter_misc":{"Escrito por":"RMMFI","Tiempo de lectura":"1 minuto"},"schema":{"@context":"https:\/\/schema.org","@graph":[{"@type":"Article","@id":"https:\/\/rmmfi.org\/es\/el-director-general-de-rmmfi-se-une-a-150-lideres-de-denver-en-boston\/#article","isPartOf":{"@id":"https:\/\/rmmfi.org\/es\/el-director-general-de-rmmfi-se-une-a-150-lideres-de-denver-en-boston\/"},"author":{"name":"RMMFI","@id":"https:\/\/rmmfi.org\/es\/#\/schema\/person\/ec16d1b11657d4116e2b60c7987f7c00"},"headline":"El Director General de RMMFI se une a 150 l\u00edderes de Denver en Boston","datePublished":"2024-07-11T18:34:25+00:00","dateModified":"2024-12-16T20:40:21+00:00","mainEntityOfPage":{"@id":"https:\/\/rmmfi.org\/es\/el-director-general-de-rmmfi-se-une-a-150-lideres-de-denver-en-boston\/"},"wordCount":240,"publisher":{"@id":"https:\/\/rmmfi.org\/es\/#organization"},"articleSection":["Noticias"],"inLanguage":"es"},{"@type":"WebPage","@id":"https:\/\/rmmfi.org\/es\/el-director-general-de-rmmfi-se-une-a-150-lideres-de-denver-en-boston\/","url":"https:\/\/rmmfi.org\/es\/el-director-general-de-rmmfi-se-une-a-150-lideres-de-denver-en-boston\/","name":"El Director General de RMMFI se une a 150 l\u00edderes de Denver en Boston - RMMFI","isPartOf":{"@id":"https:\/\/rmmfi.org\/es\/#website"},"datePublished":"2024-07-11T18:34:25+00:00","dateModified":"2024-12-16T20:40:21+00:00","breadcrumb":{"@id":"https:\/\/rmmfi.org\/es\/el-director-general-de-rmmfi-se-une-a-150-lideres-de-denver-en-boston\/#breadcrumb"},"inLanguage":"es","potentialAction":[{"@type":"ReadAction","target":["https:\/\/rmmfi.org\/es\/el-director-general-de-rmmfi-se-une-a-150-lideres-de-denver-en-boston\/"]}]},{"@type":"BreadcrumbList","@id":"https:\/\/rmmfi.org\/es\/el-director-general-de-rmmfi-se-une-a-150-lideres-de-denver-en-boston\/#breadcrumb","itemListElement":[{"@type":"ListItem","position":1,"name":"Home","item":"https:\/\/rmmfi.org\/es\/"},{"@type":"ListItem","position":2,"name":"El Director General de RMMFI se une a 150 l\u00edderes de Denver en Boston"}]},{"@type":"WebSite","@id":"https:\/\/rmmfi.org\/es\/#website","url":"https:\/\/rmmfi.org\/es\/","name":"RMMFI","description":"Opportunity Through Entrepreneurship","publisher":{"@id":"https:\/\/rmmfi.org\/es\/#organization"},"potentialAction":[{"@type":"SearchAction","target":{"@type":"EntryPoint","urlTemplate":"https:\/\/rmmfi.org\/es\/?s={search_term_string}"},"query-input":{"@type":"PropertyValueSpecification","valueRequired":true,"valueName":"search_term_string"}}],"inLanguage":"es"},{"@type":"Organization","@id":"https:\/\/rmmfi.org\/es\/#organization","name":"RMMFI","url":"https:\/\/rmmfi.org\/es\/","logo":{"@type":"ImageObject","inLanguage":"es","@id":"https:\/\/rmmfi.org\/es\/#\/schema\/logo\/image\/","url":"https:\/\/rmmfi.org\/wp-content\/uploads\/2024\/08\/Frame-11-1.svg","contentUrl":"https:\/\/rmmfi.org\/wp-content\/uploads\/2024\/08\/Frame-11-1.svg","width":132,"height":50,"caption":"RMMFI"},"image":{"@id":"https:\/\/rmmfi.org\/es\/#\/schema\/logo\/image\/"},"sameAs":["https:\/\/www.facebook.com\/RMMFI\/","https:\/\/www.instagram.com\/rmmfi\/","https:\/\/www.linkedin.com\/company\/rmmfi\/","https:\/\/www.youtube.com\/channel\/UCyMuFgxHWh-dgUVTjh8hG8g"]},{"@type":"Person","@id":"https:\/\/rmmfi.org\/es\/#\/schema\/person\/ec16d1b11657d4116e2b60c7987f7c00","name":"RMMFI","url":"https:\/\/rmmfi.org\/es\/author\/daliah_rmmfi\/"}]}},"_links":{"self":[{"href":"https:\/\/rmmfi.org\/es\/wp-json\/wp\/v2\/posts\/24625","targetHints":{"allow":["GET"]}}],"collection":[{"href":"https:\/\/rmmfi.org\/es\/wp-json\/wp\/v2\/posts"}],"about":[{"href":"https:\/\/rmmfi.org\/es\/wp-json\/wp\/v2\/types\/post"}],"author":[{"embeddable":true,"href":"https:\/\/rmmfi.org\/es\/wp-json\/wp\/v2\/users\/4"}],"replies":[{"embeddable":true,"href":"https:\/\/rmmfi.org\/es\/wp-json\/wp\/v2\/comments?post=24625"}],"version-history":[{"count":0,"href":"https:\/\/rmmfi.org\/es\/wp-json\/wp\/v2\/posts\/24625\/revisions"}],"wp:attachment":[{"href":"https:\/\/rmmfi.org\/es\/wp-json\/wp\/v2\/media?parent=24625"}],"wp:term":[{"taxonomy":"category","embeddable":true,"href":"https:\/\/rmmfi.org\/es\/wp-json\/wp\/v2\/categories?post=24625"},{"taxonomy":"post_tag","embeddable":true,"href":"https:\/\/rmmfi.org\/es\/wp-json\/wp\/v2\/tags?post=24625"}],"curies":[{"name":"wp","href":"https:\/\/api.w.org\/{rel}","templated":true}]}}